{"id":2892,"date":"2014-01-29T11:38:41","date_gmt":"2014-01-29T10:38:41","guid":{"rendered":"http:\/\/sonia.noblogs.org\/?p=2892"},"modified":"2014-01-29T14:58:29","modified_gmt":"2014-01-29T13:58:29","slug":"no-al-convegno-omofobo-in-campidoglio","status":"publish","type":"post","link":"https:\/\/sonia.noblogs.org\/?p=2892","title":{"rendered":"No al convegno omofobo in Campidoglio"},"content":{"rendered":"<p style=\"text-align: justify\">Dopo il <a href=\"http:\/\/www.famigliadomani.it\/convegno-verona-21-settembre-la-teoria-del-gender-per-luomo-o-contro-luomo\/\">convegno di Verona del 21 settembre<\/a> scorso, gli integralisti omofobi di Famiglia Domani sbarcano anche a Roma, con un convegno dal titolo <a href=\"http:\/\/www.famigliadomani.it\/convegno-roma-3-dicembre-ideologia-del-gender-quali-ricadute-per-la-famiglia\/\"><em>Ideologia del gender: quali ricadute per la famiglia?<\/em><\/a>, che si terr\u00e0 venerd\u00ec 31 gennaio nella sala della Promoteca del Campidoglio. A proposito di questo accanimento degli integralisti cattolici contro la cosiddetta \u201cteoria del gender\u201d (che \u00e8 stata definita giustamente come una \u00abversione semplificata e caricaturale di un ampio campo di ricerca accademica a cui appartengono gli studi di genere e le teorie queer\u00bb), avevo gi\u00e0 scritto un post qualche tempo fa, dal titolo <em><a title=\"Permanent link to Sugli studi di genere a scuola: tra integralismi e resistenze lgbtiq\" href=\"https:\/\/sonia.noblogs.org\/?p=2796\" rel=\"bookmark\" rev=\"post-2796\">Sugli studi di genere a scuola: tra integralismi e resistenze lgbtiq<\/a>: qui\u00a0<\/em> segnalavo pi\u00f9 che altro la puntata di <a href=\"https:\/\/profondorosa.noblogs.org\/\"><em>Profondo Rosa<\/em><\/a> (trasmissione di Radio Ondarossa) su <em><a href=\"http:\/\/www.ondarossa.info\/node\/11666\/Verona:%20resistenze%20lgbtiq%20contro%20integralisti%20e%20razzisti\">Verona: resistenze lgbtiq contro integralisti e razzisti<\/a><\/em>, accanto alla reazione del movimento lgbtiq, che aveva organizzato a Verona un &#8220;contro-convegno&#8221;, intitolato appunto <em><a href=\"http:\/\/www.circolopink.it\/contro-natura-convegno.htm\">Contro natura? Lesbiche, gay, bisessuali, asessuali, trans*, intersex\/dsd si interrogano sul loro posto nel creato<\/a><\/em>, che mi pare rappresenti la migliore risposta possibile a questi deliri integralisti, ovviamente privi qualsiasi fondamento scientifico. Sarebbe bello vedere una risposta simile a Roma. Intanto ecco il comunicato stampa del circolo Mario Mieli, che chiede \u00abcon forza\u00bb la revoca della disponibilit\u00e0 della sala.<\/p>\n<p style=\"text-align: justify\"><!--more--><\/p>\n<blockquote>\n<p style=\"text-align: justify\"><strong>Convegno Antigay in Campidoglio: Famiglia Domani ci riprova<\/strong><br \/>\nVenerd\u00ec 31 Gennaio alle ore 17 \u00e8 nuovamente in programma presso la Sala della Protomoteca in Campidoglio la conferenza \u201cIdeologia del gender: quali ricadute sulla famiglia?\u201d promosso dall\u2019Associazione Famiglia Domani. L\u2019evento era gi\u00e0 stato programmato e poi annullato lo scorso 3 Dicembre, vede ancora una volta la partecipazione e il sostegno della consigliera PDL di Roma Capitale Lavinia Mennuni e lancia nuovamente l\u2019allarme sul \u201c<i>tema del gender e dell\u2019evoluzione della famiglia\u201d \u00a0<\/i>e sulle <i>\u201ccampagne mediatiche, sempre pi\u00f9 aggressive, per la legalizzazione del reato di omofobia e del matrimonio omosessuale<\/i>\u201d.<br \/>\n\u201c\u00c8 inaudita la facilit\u00e0 con la quale, a distanza di un mese, riesca a tornare in programma un incontro che ha il solo scopo di seminare odio e fare disinformazione sulle istanze della comunit\u00e0 LGBT.\u201d \u2013 dichiara Andrea Maccarrone, presidente del Circolo di Cultura Omosessuale Mario Mieli. \u201cTroviamo inaccettabile e grave che una delle sale pi\u00f9 importanti e rappresentative di Roma Capitale ospiti un evento dal chiaro sapore discriminatorio e omofobo in netta contraddizione con le iniziative promosse dallo stesso Comune per la Settimana Arcobaleno.\u201d<br \/>\nChiediamo con forza che la disponibilit\u00e0 della Sala della Protomoteca venga revocata e che Roma si dimostri la Capitale delle diversit\u00e0, una citt\u00e0 accogliente e aperta a tutti capace di respingere ogni attacco alla dignit\u00e0, alla liberta e al rispetto dei diritti umani.<br \/>\nCircolo di Cultura Omosessuale Mario Mieli<br \/>\nAndrea Maccarrone \u2013 Presidente<br \/>\n3297488791<br \/>\nUfficio Stampa \u2013 Andrea Contieri<br \/>\na.contieri@mariomieli.org<br \/>\n06.5413985<br \/>\n3487708437<\/p>\n<\/blockquote>\n","protected":false},"excerpt":{"rendered":"<p>Dopo il convegno di Verona del 21 settembre scorso, gli integralisti omofobi di Famiglia Domani sbarcano anche a Roma, con un convegno dal titolo Ideologia del gender: quali ricadute per la famiglia?, che si terr\u00e0 venerd\u00ec 31 gennaio nella sala della Promoteca del Campidoglio. A proposito di questo accanimento degli integralisti cattolici contro la cosiddetta [&hellip;]<\/p>\n","protected":false},"author":2382,"featured_media":0,"comment_status":"open","ping_status":"open","sticky":false,"template":"","format":"standard","meta":{"footnotes":""},"categories":[9,166,223],"tags":[11,422,441,439,48,423,550,440],"class_list":["post-2892","post","type-post","status-publish","format-standard","hentry","category-in-citta","category-roma","category-studi-delle-donne-e-di-genere-3","tag-gender","tag-integralismi","tag-mario-mieli","tag-movimenti-glbtiq","tag-omofobia","tag-profondo-rosa","tag-roma","tag-verona"],"_links":{"self":[{"href":"https:\/\/sonia.noblogs.org\/index.php?rest_route=\/wp\/v2\/posts\/2892","targetHints":{"allow":["GET"]}}],"collection":[{"href":"https:\/\/sonia.noblogs.org\/index.php?rest_route=\/wp\/v2\/posts"}],"about":[{"href":"https:\/\/sonia.noblogs.org\/index.php?rest_route=\/wp\/v2\/types\/post"}],"author":[{"embeddable":true,"href":"https:\/\/sonia.noblogs.org\/index.php?rest_route=\/wp\/v2\/users\/2382"}],"replies":[{"embeddable":true,"href":"https:\/\/sonia.noblogs.org\/index.php?rest_route=%2Fwp%2Fv2%2Fcomments&post=2892"}],"version-history":[{"count":10,"href":"https:\/\/sonia.noblogs.org\/index.php?rest_route=\/wp\/v2\/posts\/2892\/revisions"}],"predecessor-version":[{"id":2903,"href":"https:\/\/sonia.noblogs.org\/index.php?rest_route=\/wp\/v2\/posts\/2892\/revisions\/2903"}],"wp:attachment":[{"href":"https:\/\/sonia.noblogs.org\/index.php?rest_route=%2Fwp%2Fv2%2Fmedia&parent=2892"}],"wp:term":[{"taxonomy":"category","embeddable":true,"href":"https:\/\/sonia.noblogs.org\/index.php?rest_route=%2Fwp%2Fv2%2Fcategories&post=2892"},{"taxonomy":"post_tag","embeddable":true,"href":"https:\/\/sonia.noblogs.org\/index.php?rest_route=%2Fwp%2Fv2%2Ftags&post=2892"}],"curies":[{"name":"wp","href":"https:\/\/api.w.org\/{rel}","templated":true}]}}